{"id":2257,"date":"2019-08-26T19:33:22","date_gmt":"2019-08-26T17:33:22","guid":{"rendered":"https:\/\/acts-he.de\/?p=2257"},"modified":"2019-08-27T20:34:34","modified_gmt":"2019-08-27T18:34:34","slug":"witterung-2-wind","status":"publish","type":"post","link":"https:\/\/acts-he.de\/?p=2257","title":{"rendered":"Witterung 2 &#8211; Wind"},"content":{"rendered":"\t\t<div data-elementor-type=\"wp-post\" data-elementor-id=\"2257\" class=\"elementor elementor-2257\" data-elementor-post-type=\"post\">\n\t\t\t\t\t\t<section class=\"elementor-section elementor-top-section elementor-element elementor-element-7a65867 elementor-section-boxed elementor-section-height-default elementor-section-height-default\" data-id=\"7a65867\" data-element_type=\"section\">\n\t\t\t\t\t\t<div class=\"elementor-container elementor-column-gap-default\">\n\t\t\t\t\t<div class=\"elementor-column elementor-col-100 elementor-top-column elementor-element elementor-element-2374d09f\" data-id=\"2374d09f\" data-element_type=\"column\">\n\t\t\t<div class=\"elementor-widget-wrap elementor-element-populated\">\n\t\t\t\t\t\t<div class=\"elementor-element elementor-element-294e10fe elementor-widget elementor-widget-spacer\" data-id=\"294e10fe\" data-element_type=\"widget\" data-widget_type=\"spacer.default\">\n\t\t\t\t<div class=\"elementor-widget-container\">\n\t\t\t\t\t<div class=\"elementor-spacer\">\n\t\t\t<div class=\"elementor-spacer-inner\"><\/div>\n\t\t<\/div>\n\t\t\t\t<\/div>\n\t\t\t\t<\/div>\n\t\t\t\t<section class=\"elementor-section elementor-inner-section elementor-element elementor-element-7f68658b elementor-section-boxed elementor-section-height-default elementor-section-height-default\" data-id=\"7f68658b\" data-element_type=\"section\">\n\t\t\t\t\t\t<div class=\"elementor-container elementor-column-gap-default\">\n\t\t\t\t\t<div class=\"elementor-column elementor-col-100 elementor-inner-column elementor-element elementor-element-6027fed2\" data-id=\"6027fed2\" data-element_type=\"column\">\n\t\t\t<div class=\"elementor-widget-wrap elementor-element-populated\">\n\t\t\t\t\t\t<div class=\"elementor-element elementor-element-6558de80 elementor-widget elementor-widget-theme-post-title elementor-page-title elementor-widget-heading\" data-id=\"6558de80\" data-element_type=\"widget\" data-widget_type=\"theme-post-title.default\">\n\t\t\t\t<div class=\"elementor-widget-container\">\n\t\t\t<h1 class=\"elementor-heading-title elementor-size-default\">Witterung 2 &#8211; Wind<\/h1>\t\t<\/div>\n\t\t\t\t<\/div>\n\t\t\t\t\t<\/div>\n\t\t<\/div>\n\t\t\t\t\t<\/div>\n\t\t<\/section>\n\t\t\t\t<section class=\"elementor-section elementor-inner-section elementor-element elementor-element-632136e1 elementor-section-boxed elementor-section-height-default elementor-section-height-default\" data-id=\"632136e1\" data-element_type=\"section\">\n\t\t\t\t\t\t<div class=\"elementor-container elementor-column-gap-default\">\n\t\t\t\t\t<div class=\"elementor-column elementor-col-100 elementor-inner-column elementor-element elementor-element-52abe1a8\" data-id=\"52abe1a8\" data-element_type=\"column\">\n\t\t\t<div class=\"elementor-widget-wrap elementor-element-populated\">\n\t\t\t\t\t\t<div class=\"elementor-element elementor-element-3e5d4ad2 elementor-widget elementor-widget-post-info\" data-id=\"3e5d4ad2\" data-element_type=\"widget\" data-widget_type=\"post-info.default\">\n\t\t\t\t<div class=\"elementor-widget-container\">\n\t\t\t\t\t<ul class=\"elementor-inline-items elementor-icon-list-items elementor-post-info\">\n\t\t\t\t\t\t\t\t<li class=\"elementor-icon-list-item elementor-repeater-item-012addb elementor-inline-item\" itemprop=\"author\">\n\t\t\t\t\t\t<a href=\"https:\/\/acts-he.de\/?author=2\">\n\t\t\t\t\t\t\t\t\t\t\t<span class=\"elementor-icon-list-icon\">\n\t\t\t\t\t\t\t\t\t\t\t\t\t\t<i class=\"fa fa-user-circle-o\" aria-hidden=\"true\"><\/i>\n\t\t\t\t\t\t\t\t\t\t\t\t<\/span>\n\t\t\t\t\t\t\t\t\t<span class=\"elementor-icon-list-text elementor-post-info__item elementor-post-info__item--type-author\">\n\t\t\t\t\t\t\t\t\t\tEngelhardt\t\t\t\t\t<\/span>\n\t\t\t\t\t\t\t\t\t<\/a>\n\t\t\t\t<\/li>\n\t\t\t\t<li class=\"elementor-icon-list-item elementor-repeater-item-2f5ba0c elementor-inline-item\" itemprop=\"datePublished\">\n\t\t\t\t\t\t<a href=\"https:\/\/acts-he.de\/?m=20190826\">\n\t\t\t\t\t\t\t\t\t\t\t<span class=\"elementor-icon-list-icon\">\n\t\t\t\t\t\t\t\t<i aria-hidden=\"true\" class=\"fas fa-calendar\"><\/i>\t\t\t\t\t\t\t<\/span>\n\t\t\t\t\t\t\t\t\t<span class=\"elementor-icon-list-text elementor-post-info__item elementor-post-info__item--type-date\">\n\t\t\t\t\t\t\t\t\t\t<time>26. August 2019<\/time>\t\t\t\t\t<\/span>\n\t\t\t\t\t\t\t\t\t<\/a>\n\t\t\t\t<\/li>\n\t\t\t\t<li class=\"elementor-icon-list-item elementor-repeater-item-a4a02bf elementor-inline-item\">\n\t\t\t\t\t\t\t\t\t\t<span class=\"elementor-icon-list-icon\">\n\t\t\t\t\t\t\t\t\t\t\t\t\t\t<i class=\"fa fa-clock-o\" aria-hidden=\"true\"><\/i>\n\t\t\t\t\t\t\t\t\t\t\t\t<\/span>\n\t\t\t\t\t\t\t\t\t<span class=\"elementor-icon-list-text elementor-post-info__item elementor-post-info__item--type-time\">\n\t\t\t\t\t\t\t\t\t\t<time>19:33<\/time>\t\t\t\t\t<\/span>\n\t\t\t\t\t\t\t\t<\/li>\n\t\t\t\t<\/ul>\n\t\t\t\t<\/div>\n\t\t\t\t<\/div>\n\t\t\t\t<div class=\"elementor-element elementor-element-66a2a1c7 elementor-widget elementor-widget-theme-post-featured-image elementor-widget-image\" data-id=\"66a2a1c7\" data-element_type=\"widget\" data-widget_type=\"theme-post-featured-image.default\">\n\t\t\t\t<div class=\"elementor-widget-container\">\n\t\t\t\t\t\t\t\t\t\t\t\t\t<img decoding=\"async\" src=\"https:\/\/acts-he.de\/wp-content\/uploads\/elementor\/thumbs\/IMG_1272-scaled-p1k9b84na94blkoz0768wtvelk98c145bakz2hhdk8.jpg\" title=\"IMG_1272\" alt=\"IMG_1272\" loading=\"lazy\" \/>\t\t\t\t\t\t\t\t\t\t\t\t\t<\/div>\n\t\t\t\t<\/div>\n\t\t\t\t\t<\/div>\n\t\t<\/div>\n\t\t\t\t\t<\/div>\n\t\t<\/section>\n\t\t\t\t<section class=\"elementor-section elementor-inner-section elementor-element elementor-element-7a4b5ce6 elementor-section-boxed elementor-section-height-default elementor-section-height-default\" data-id=\"7a4b5ce6\" data-element_type=\"section\">\n\t\t\t\t\t\t<div class=\"elementor-container elementor-column-gap-default\">\n\t\t\t\t\t<div class=\"elementor-column elementor-col-100 elementor-inner-column elementor-element elementor-element-2f699c43\" data-id=\"2f699c43\" data-element_type=\"column\">\n\t\t\t<div class=\"elementor-widget-wrap elementor-element-populated\">\n\t\t\t\t\t\t<div class=\"elementor-element elementor-element-6dcd3fff e-grid-align-right elementor-shape-rounded elementor-grid-0 elementor-widget elementor-widget-social-icons\" data-id=\"6dcd3fff\" data-element_type=\"widget\" data-widget_type=\"social-icons.default\">\n\t\t\t\t<div class=\"elementor-widget-container\">\n\t\t\t\t\t<div class=\"elementor-social-icons-wrapper elementor-grid\">\n\t\t\t\t\t\t\t<span class=\"elementor-grid-item\">\n\t\t\t\t\t<a class=\"elementor-icon elementor-social-icon elementor-social-icon-linkedin-in elementor-animation-grow elementor-repeater-item-efcd2b3\" href=\"https:\/\/www.linkedin.com\/shareArticle?mini=true&#038;url=https:\/\/acts-he.de\/2019\/08\/26\/witterung-2-wind\/&#038;title=&#038;summary=&#038;source=\" target=\"_blank\">\n\t\t\t\t\t\t<span class=\"elementor-screen-only\">Linkedin-in<\/span>\n\t\t\t\t\t\t<i class=\"fab fa-linkedin-in\"><\/i>\t\t\t\t\t<\/a>\n\t\t\t\t<\/span>\n\t\t\t\t\t\t\t<span class=\"elementor-grid-item\">\n\t\t\t\t\t<a class=\"elementor-icon elementor-social-icon elementor-social-icon-facebook-f elementor-animation-grow elementor-repeater-item-24a950c\" href=\"https:\/\/www.facebook.com\/sharer\/sharer.php?u=https:\/\/acts-he.de\/2019\/08\/26\/witterung-2-wind\/\" target=\"_blank\">\n\t\t\t\t\t\t<span class=\"elementor-screen-only\">Facebook-f<\/span>\n\t\t\t\t\t\t<i class=\"fab fa-facebook-f\"><\/i>\t\t\t\t\t<\/a>\n\t\t\t\t<\/span>\n\t\t\t\t\t\t\t<span class=\"elementor-grid-item\">\n\t\t\t\t\t<a class=\"elementor-icon elementor-social-icon elementor-social-icon-twitter elementor-animation-grow elementor-repeater-item-caf9457\" href=\"https:\/\/twitter.com\/home?status=https:\/\/acts-he.de\/2019\/08\/26\/witterung-2-wind\/%20\" target=\"_blank\">\n\t\t\t\t\t\t<span class=\"elementor-screen-only\">Twitter<\/span>\n\t\t\t\t\t\t<i class=\"fab fa-twitter\"><\/i>\t\t\t\t\t<\/a>\n\t\t\t\t<\/span>\n\t\t\t\t\t<\/div>\n\t\t\t\t<\/div>\n\t\t\t\t<\/div>\n\t\t\t\t\t<\/div>\n\t\t<\/div>\n\t\t\t\t\t<\/div>\n\t\t<\/section>\n\t\t\t\t<section class=\"elementor-section elementor-inner-section elementor-element elementor-element-4a96dcbb elementor-section-boxed elementor-section-height-default elementor-section-height-default\" data-id=\"4a96dcbb\" data-element_type=\"section\">\n\t\t\t\t\t\t<div class=\"elementor-container elementor-column-gap-default\">\n\t\t\t\t\t<div class=\"elementor-column elementor-col-100 elementor-inner-column elementor-element elementor-element-7cb90b3d\" data-id=\"7cb90b3d\" data-element_type=\"column\">\n\t\t\t<div class=\"elementor-widget-wrap elementor-element-populated\">\n\t\t\t\t\t\t<div class=\"elementor-element elementor-element-4130ede5 elementor-widget elementor-widget-text-editor\" data-id=\"4130ede5\" data-element_type=\"widget\" data-widget_type=\"text-editor.default\">\n\t\t\t\t<div class=\"elementor-widget-container\">\n\t\t\t\t\t\t\t<p>Dieser Beitrag besch\u00e4ftigt sich vertiefend mit dem Wind, einem der beiden wesentlichen Witterungseinfl\u00fcsse auf das Biathlonschie\u00dfen.\u00a0<\/p>\t\t\t\t\t\t<\/div>\n\t\t\t\t<\/div>\n\t\t\t\t\t<\/div>\n\t\t<\/div>\n\t\t\t\t\t<\/div>\n\t\t<\/section>\n\t\t\t\t<section class=\"elementor-section elementor-inner-section elementor-element elementor-element-8284048 elementor-section-full_width elementor-section-height-default elementor-section-height-default\" data-id=\"8284048\" data-element_type=\"section\">\n\t\t\t\t\t\t<div class=\"elementor-container elementor-column-gap-default\">\n\t\t\t\t\t<div class=\"elementor-column elementor-col-100 elementor-inner-column elementor-element elementor-element-4004143b\" data-id=\"4004143b\" data-element_type=\"column\">\n\t\t\t<div class=\"elementor-widget-wrap elementor-element-populated\">\n\t\t\t\t\t\t<div class=\"elementor-element elementor-element-12d3859d elementor-widget elementor-widget-heading\" data-id=\"12d3859d\" data-element_type=\"widget\" data-widget_type=\"heading.default\">\n\t\t\t\t<div class=\"elementor-widget-container\">\n\t\t\t<h2 class=\"elementor-heading-title elementor-size-default\">Windgeschwindigkeiten<\/h2>\t\t<\/div>\n\t\t\t\t<\/div>\n\t\t\t\t<div class=\"elementor-element elementor-element-536f1b75 elementor-widget elementor-widget-text-editor\" data-id=\"536f1b75\" data-element_type=\"widget\" data-widget_type=\"text-editor.default\">\n\t\t\t\t<div class=\"elementor-widget-container\">\n\t\t\t\t\t\t\t<p>Die Geschwindigkeit des Windes wird zur einfacheren Ber\u00fccksichtigung in<\/p><p><strong>schwachen<\/strong> Wind \u2013 <strong>2<\/strong> bis <strong>3<\/strong> m\/s,<\/p><p><strong>m\u00e4\u00dfigen<\/strong> Wind \u2013 <strong>4<\/strong> bis <strong>6<\/strong> m\/s und<\/p><p><strong>starken<\/strong> Wind &#8211; ab <strong>7<\/strong> m\/s bis <strong>12<\/strong> m\/s<\/p><p>eingeteilt (nach (Nitzsche, et al., 1998), abgewandelt).<\/p><p>Diese Einteilung bildet die Grundlage zur weiteren Beurteilung des Windes, seiner m\u00f6glichen Auswirkungen und der Anwendung von zu entwickelnden Standardreaktionen.<\/p>\t\t\t\t\t\t<\/div>\n\t\t\t\t<\/div>\n\t\t\t\t\t<\/div>\n\t\t<\/div>\n\t\t\t\t\t<\/div>\n\t\t<\/section>\n\t\t\t\t<section class=\"elementor-section elementor-inner-section elementor-element elementor-element-54ae1aa2 elementor-section-boxed elementor-section-height-default elementor-section-height-default\" data-id=\"54ae1aa2\" data-element_type=\"section\">\n\t\t\t\t\t\t<div class=\"elementor-container elementor-column-gap-default\">\n\t\t\t\t\t<div class=\"elementor-column elementor-col-100 elementor-inner-column elementor-element elementor-element-45ced576\" data-id=\"45ced576\" data-element_type=\"column\">\n\t\t\t<div class=\"elementor-widget-wrap elementor-element-populated\">\n\t\t\t\t\t\t<div class=\"elementor-element elementor-element-db391d3 elementor-widget elementor-widget-heading\" data-id=\"db391d3\" data-element_type=\"widget\" data-widget_type=\"heading.default\">\n\t\t\t\t<div class=\"elementor-widget-container\">\n\t\t\t<h2 class=\"elementor-heading-title elementor-size-default\">Windrichtung<\/h2>\t\t<\/div>\n\t\t\t\t<\/div>\n\t\t\t\t<div class=\"elementor-element elementor-element-23c16bc0 elementor-widget elementor-widget-text-editor\" data-id=\"23c16bc0\" data-element_type=\"widget\" data-widget_type=\"text-editor.default\">\n\t\t\t\t<div class=\"elementor-widget-container\">\n\t\t\t\t\t\t\t<p>F\u00fcr alle weiteren Betrachtungen soll die Schussrichtung die 12 Uhr Richtung auf dem Ziffernblatt einer Uhr sein. So kann die Windrichtung leicht verst\u00e4ndlich, sehr schnell und auch unter Belastung \u00fcber die Stundenangaben des Ziffernblattes immer in Bezug zur Schussrichtung gesetzt werden (Abb. Windrichtungen).<\/p><p class=\"Absatzfolge\">Der Wind wirkt sich nicht immer mit seiner gesamten Geschwindigkeit vollst\u00e4ndig auf das Geschoss aus. So h\u00e4ngt die berechenbare Winddrift davon ab, aus welcher Richtung der Wind auf das Geschoss trifft und wieviel seiner Wirkung dann auf das Geschoss \u00fcbertragen wird. Diese Beziehungen verhalten sich wie folgt:<\/p><p class=\"Absatzfolge\">100% bei 3 und 9 Uhr,<\/p><p class=\"Absatzfolge\">87,5% bei 2, 4, 8 und 10 Uhr,<\/p><p class=\"Absatzfolge\">50 % bei 1, 5, 7 und 11 Uhr,<\/p><p class=\"Absatzfolge\">0% bei 12 und 6 Uhr.<\/p><p class=\"Absatzfolge\">Das bedeutet z. Bsp., bei m\u00e4\u00dfigem Wind mit 4 m\/s aus 5 Uhr, bleibt nur ein schwacher Wind mit einer effektiv auf das Geschoss wirkenden Geschwindigkeit von 2 m\/s \u00fcbrig. Die notwendige Reaktion des Sportlers muss sich also bei dieser Kombination von Geschwindigkeit und Richtung auf schwachen Wind beziehen.<\/p>\t\t\t\t\t\t<\/div>\n\t\t\t\t<\/div>\n\t\t\t\t<div class=\"elementor-element elementor-element-779b929 elementor-widget elementor-widget-image\" data-id=\"779b929\" data-element_type=\"widget\" data-widget_type=\"image.default\">\n\t\t\t\t<div class=\"elementor-widget-container\">\n\t\t\t\t\t\t\t\t\t\t<figure class=\"wp-caption\">\n\t\t\t\t\t\t\t\t\t\t<img fetchpriority=\"high\" decoding=\"async\" width=\"622\" height=\"629\" src=\"https:\/\/acts-he.de\/wp-content\/uploads\/2019\/08\/Windrichtung-1.png\" class=\"attachment-full size-full wp-image-2291\" alt=\"\" srcset=\"https:\/\/acts-he.de\/wp-content\/uploads\/2019\/08\/Windrichtung-1.png 622w, https:\/\/acts-he.de\/wp-content\/uploads\/2019\/08\/Windrichtung-1-100x100.png 100w, https:\/\/acts-he.de\/wp-content\/uploads\/2019\/08\/Windrichtung-1-600x607.png 600w, https:\/\/acts-he.de\/wp-content\/uploads\/2019\/08\/Windrichtung-1-297x300.png 297w\" sizes=\"(max-width: 622px) 100vw, 622px\" \/>\t\t\t\t\t\t\t\t\t\t\t<figcaption class=\"widget-image-caption wp-caption-text\">Windrichtungen<\/figcaption>\n\t\t\t\t\t\t\t\t\t\t<\/figure>\n\t\t\t\t\t\t\t<\/div>\n\t\t\t\t<\/div>\n\t\t\t\t<div class=\"elementor-element elementor-element-8c1fee3 elementor-widget elementor-widget-text-editor\" data-id=\"8c1fee3\" data-element_type=\"widget\" data-widget_type=\"text-editor.default\">\n\t\t\t\t<div class=\"elementor-widget-container\">\n\t\t\t\t\t\t\t<p>Weiterhin gilt es ein Ph\u00e4nomen von L\u00e4ufen mit Rechtsdrall zu ber\u00fccksichtigen. Dabei kommt es nicht nur zu einer seitlichen Abdrift des Geschosses durch den Windeinfluss, sondern auch zu einer Verlagerung in der H\u00f6he. So driftet das Geschoss bei Wind von links nicht nur nach rechts, sondern auch nach unten bzw. tief und umgedreht. Also bei Wind von rechts driftet das Geschoss nicht nur nach links, sondern auch nach oben bzw. hoch.<\/p>\t\t\t\t\t\t<\/div>\n\t\t\t\t<\/div>\n\t\t\t\t\t<\/div>\n\t\t<\/div>\n\t\t\t\t\t<\/div>\n\t\t<\/section>\n\t\t\t\t<section class=\"elementor-section elementor-inner-section elementor-element elementor-element-491dede7 elementor-section-boxed elementor-section-height-default elementor-section-height-default\" data-id=\"491dede7\" data-element_type=\"section\">\n\t\t\t\t\t\t<div class=\"elementor-container elementor-column-gap-default\">\n\t\t\t\t\t<div class=\"elementor-column elementor-col-100 elementor-inner-column elementor-element elementor-element-5b43942a\" data-id=\"5b43942a\" data-element_type=\"column\">\n\t\t\t<div class=\"elementor-widget-wrap elementor-element-populated\">\n\t\t\t\t\t\t<div class=\"elementor-element elementor-element-7784c7e7 elementor-widget elementor-widget-heading\" data-id=\"7784c7e7\" data-element_type=\"widget\" data-widget_type=\"heading.default\">\n\t\t\t\t<div class=\"elementor-widget-container\">\n\t\t\t<h2 class=\"elementor-heading-title elementor-size-default\">Bestimmung der Windgeschwindigkeit und -richtung<\/h2>\t\t<\/div>\n\t\t\t\t<\/div>\n\t\t\t\t<div class=\"elementor-element elementor-element-5e634c2f elementor-widget elementor-widget-text-editor\" data-id=\"5e634c2f\" data-element_type=\"widget\" data-widget_type=\"text-editor.default\">\n\t\t\t\t<div class=\"elementor-widget-container\">\n\t\t\t\t\t\t\t<p>Vor der Beurteilung des Windes m\u00fcssen die Windgeschwindigkeit und Windrichtung entweder gemessen oder anhand von Hilfsmitteln bestimmt werden. Erst dann kann eine Beurteilung des Windes im Sinne von Auswirkungen auf das Geschoss und damit das zu erwartende Trefferbild, unter Ber\u00fccksichtigung der unter Windgeschwindigkeiten und Windrichtungen getroffenen Festlegungen, stattfinden. \u00a0<\/p><p>Eine permanente, Ger\u00e4te basierte, Messung am Schie\u00dfstand nach Geschwindigkeit und Richtung (das m\u00f6glichst an der Sch\u00fctzenlinie im Zielbereich und in Zwischenbereichen) stellt nat\u00fcrlich das Optimum dar. Diese Messung ist aber<\/p><ul><li>meist nur auf Wettk\u00e4mpfen verf\u00fcgbar,<\/li><li>meist nicht so l\u00fcckenlos wie w\u00fcnschenswert und<\/li><li>nur im Rahmen des Anschie\u00dfens vor Wettk\u00e4mpfen verf\u00fcgbar.<\/li><\/ul><p>Daher m\u00fcssen Windgeschwindigkeit und Windrichtung jederzeit auch mit vorhandenen Hilfsmitteln bestimmt werden k\u00f6nnen. Solche Hilfsmittel sind z.B. die auf den Schie\u00dfst\u00e4nden vorhandenen Windfahnen, Wolken-\/Nebelzug, Rauch, Niederschlag (Schnee, Regen) oder auch die Auswirkungen auf andere Sportler (Haare wehen, Schwankungen im Anschlag stehend, flatternde Startnummer im Stehen). Die Abb. Bestimmung der Windst\u00e4rke und -richtung mit Hilfsmitteln zeigt Beispiele zur Beurteilung auf. Die jeweilige Richtung muss in Bezug zur Schussrichtung erg\u00e4nzt werden.<\/p>\t\t\t\t\t\t<\/div>\n\t\t\t\t<\/div>\n\t\t\t\t<div class=\"elementor-element elementor-element-7523d56 elementor-widget elementor-widget-image\" data-id=\"7523d56\" data-element_type=\"widget\" data-widget_type=\"image.default\">\n\t\t\t\t<div class=\"elementor-widget-container\">\n\t\t\t\t\t\t\t\t\t\t<figure class=\"wp-caption\">\n\t\t\t\t\t\t\t\t\t\t<img decoding=\"async\" width=\"1254\" height=\"1002\" src=\"https:\/\/acts-he.de\/wp-content\/uploads\/2019\/08\/Windbeurteilung-1.png\" class=\"attachment-full size-full wp-image-2290\" alt=\"\" srcset=\"https:\/\/acts-he.de\/wp-content\/uploads\/2019\/08\/Windbeurteilung-1.png 1254w, https:\/\/acts-he.de\/wp-content\/uploads\/2019\/08\/Windbeurteilung-1-600x479.png 600w, https:\/\/acts-he.de\/wp-content\/uploads\/2019\/08\/Windbeurteilung-1-300x240.png 300w, https:\/\/acts-he.de\/wp-content\/uploads\/2019\/08\/Windbeurteilung-1-768x614.png 768w, https:\/\/acts-he.de\/wp-content\/uploads\/2019\/08\/Windbeurteilung-1-1024x818.png 1024w\" sizes=\"(max-width: 1254px) 100vw, 1254px\" \/>\t\t\t\t\t\t\t\t\t\t\t<figcaption class=\"widget-image-caption wp-caption-text\">Bestimmung der Windst\u00e4rke und -richtung mit Hilfsmitteln<\/figcaption>\n\t\t\t\t\t\t\t\t\t\t<\/figure>\n\t\t\t\t\t\t\t<\/div>\n\t\t\t\t<\/div>\n\t\t\t\t<div class=\"elementor-element elementor-element-9ce4aa9 elementor-widget elementor-widget-text-editor\" data-id=\"9ce4aa9\" data-element_type=\"widget\" data-widget_type=\"text-editor.default\">\n\t\t\t\t<div class=\"elementor-widget-container\">\n\t\t\t\t\t\t\t<p>Dabei k\u00f6nnen Festlegungen anhand von gemachten Erfahrungen getroffen werden. Das k\u00f6nnte z.B. wie folgt geschehen. Die in den IBU \u2013 Regeln standardisiert vorgeschriebenen Windfahnen<\/p><ul><li>h\u00e4ngen bei schwachem Wind nach unten und bewegen sich nur leicht,<\/li><li>werden bei m\u00e4\u00dfigem Wind bis zu 45\u00b0 angehoben und flattern deutlich sichtbar,<\/li><li>wehen\/fliegen bei starkem Wind nahezu horizontal.<\/li><\/ul><p>Die Richtung kann an diesen Windfahnen ebenfalls &#8222;abgelesen&#8220; werden, da sie an einem beweglichen Arm befestigt sind und sich somit selbstst\u00e4ndig in Windrichtung ausrichten k\u00f6nnen.<\/p>\t\t\t\t\t\t<\/div>\n\t\t\t\t<\/div>\n\t\t\t\t\t<\/div>\n\t\t<\/div>\n\t\t\t\t\t<\/div>\n\t\t<\/section>\n\t\t\t\t<section class=\"elementor-section elementor-inner-section elementor-element elementor-element-d35725d elementor-section-boxed elementor-section-height-default elementor-section-height-default\" data-id=\"d35725d\" data-element_type=\"section\">\n\t\t\t\t\t\t<div class=\"elementor-container elementor-column-gap-default\">\n\t\t\t\t\t<div class=\"elementor-column elementor-col-100 elementor-inner-column elementor-element elementor-element-d97f89a\" data-id=\"d97f89a\" data-element_type=\"column\">\n\t\t\t<div class=\"elementor-widget-wrap elementor-element-populated\">\n\t\t\t\t\t\t<div class=\"elementor-element elementor-element-cd4c298 elementor-widget elementor-widget-heading\" data-id=\"cd4c298\" data-element_type=\"widget\" data-widget_type=\"heading.default\">\n\t\t\t\t<div class=\"elementor-widget-container\">\n\t\t\t<h2 class=\"elementor-heading-title elementor-size-default\">Auswirkungen des Windes<\/h2>\t\t<\/div>\n\t\t\t\t<\/div>\n\t\t\t\t<div class=\"elementor-element elementor-element-4f54ceb elementor-widget elementor-widget-text-editor\" data-id=\"4f54ceb\" data-element_type=\"widget\" data-widget_type=\"text-editor.default\">\n\t\t\t\t<div class=\"elementor-widget-container\">\n\t\t\t\t\t\t\t<p>Zur Beurteilung des Windes sind dar\u00fcber hinaus Kenntnisse \u00fcber die dann tats\u00e4chlich auftretenden Auswirkungen auf die Geschossflugbahn notwendig. Die Tabelle zeigt dazu die Winddriften (Vgl. auch <a href=\"http:\/\/www.norma.cc\/de\/Munitionsschule\/Ballistik\/iframe\/\">http:\/\/www.norma.cc\/de\/Munitionsschule\/Ballistik\/iframe\/<\/a>) einer Standard KK Patrone (Geschossgewicht = 2,6 g, V0 = 360 m\/s (Patrone IBU \u2013 Regeln: Geschossgewicht = 2,55 \u2013 2,75 g, V0 max. = 360 m\/s)), welche den IBU \u2013 Regeln entspricht, auf. Dies unter der Voraussetzung, dass der Wind \u00fcber die gesamte Schussentfernung gleichm\u00e4\u00dfig einwirkt.<a href=\"#_ftnref1\" name=\"_ftn1\"><\/a><\/p>\t\t\t\t\t\t<\/div>\n\t\t\t\t<\/div>\n\t\t\t\t<div class=\"elementor-element elementor-element-2c09b56 elementor-widget elementor-widget-spacer\" data-id=\"2c09b56\" data-element_type=\"widget\" data-widget_type=\"spacer.default\">\n\t\t\t\t<div class=\"elementor-widget-container\">\n\t\t\t\t\t<div class=\"elementor-spacer\">\n\t\t\t<div class=\"elementor-spacer-inner\"><\/div>\n\t\t<\/div>\n\t\t\t\t<\/div>\n\t\t\t\t<\/div>\n\t\t\t\t<div class=\"elementor-element elementor-element-c813fcb elementor-widget elementor-widget-image\" data-id=\"c813fcb\" data-element_type=\"widget\" data-widget_type=\"image.default\">\n\t\t\t\t<div class=\"elementor-widget-container\">\n\t\t\t\t\t\t\t\t\t\t<figure class=\"wp-caption\">\n\t\t\t\t\t\t\t\t\t\t<img decoding=\"async\" width=\"1916\" height=\"839\" src=\"https:\/\/acts-he.de\/wp-content\/uploads\/2019\/08\/Winddriften-1.png\" class=\"attachment-full size-full wp-image-2289\" alt=\"\" srcset=\"https:\/\/acts-he.de\/wp-content\/uploads\/2019\/08\/Winddriften-1.png 1916w, https:\/\/acts-he.de\/wp-content\/uploads\/2019\/08\/Winddriften-1-600x263.png 600w, https:\/\/acts-he.de\/wp-content\/uploads\/2019\/08\/Winddriften-1-300x131.png 300w, https:\/\/acts-he.de\/wp-content\/uploads\/2019\/08\/Winddriften-1-768x336.png 768w, https:\/\/acts-he.de\/wp-content\/uploads\/2019\/08\/Winddriften-1-1024x448.png 1024w\" sizes=\"(max-width: 1916px) 100vw, 1916px\" \/>\t\t\t\t\t\t\t\t\t\t\t<figcaption class=\"widget-image-caption wp-caption-text\">Winddriften<\/figcaption>\n\t\t\t\t\t\t\t\t\t\t<\/figure>\n\t\t\t\t\t\t\t<\/div>\n\t\t\t\t<\/div>\n\t\t\t\t<div class=\"elementor-element elementor-element-40f71b6 elementor-widget elementor-widget-text-editor\" data-id=\"40f71b6\" data-element_type=\"widget\" data-widget_type=\"text-editor.default\">\n\t\t\t\t<div class=\"elementor-widget-container\">\n\t\t\t\t\t\t\t<p>Das bedeutet, der mittlere Treffpunkt verschiebt sich um die angegebenen Werte nach links (bei Wind aus 1,2,3,4,5 Uhr) oder rechts (bei Wind aus 7,8,9,10,11 Uhr). Betrachtet man ein Treffbild, welches dem Zentrum einer Papierscheibe von 12 mm Durchmesser entspricht, ergeben sich z.B. potentiell Fehlsch\u00fcsse auf das Liegendzentrum der Klappanlage schon bei schwachem Wind, insofern er aus 3 oder 9 Uhr (Abb. Windrichtung) kommt und somit senkrecht auf die Flugbahn des Geschosses einwirkt.<\/p><p>Dies ergibt sich aus:<\/p><ul><li>Durchmesser Treffbild 12 mm (gr\u00fcne Sch\u00fcsse),<\/li><li>Verschiebung des mittleren Treffpunktes um 22 mm nach links oder rechts (rote Sch\u00fcsse),<\/li><li>+ 6 mm bis zum Rand des Treffbildes,<\/li><li>sind 28 mm Abweichung von der Scheibenmitte,<\/li><\/ul><p>daraus folgt bei 45 mm Durchmesser der Liegendtrefferfl\u00e4che eine Abweichung (\u00dcberschreitung des Randes der Trefferzone) von 5,5 mm und damit ein Fehlschuss, da hier nur noch 0,1 mm zum vollen Umfang des Geschosses fehlen und somit nicht mehr genug Geschossmasse die Klappscheibe zum Reagieren bringen wird. F\u00fcr den Anschlag stehend wiederum ergeben sich unter diesen Vorgaben, rein rechnerisch, keine zu ber\u00fccksichtigenden Auswirkungen, da die Treffer immer noch sicher im Stehendzentrum der Scheibe sind.<\/p>\t\t\t\t\t\t<\/div>\n\t\t\t\t<\/div>\n\t\t\t\t\t<\/div>\n\t\t<\/div>\n\t\t\t\t\t<\/div>\n\t\t<\/section>\n\t\t\t\t<section class=\"elementor-section elementor-inner-section elementor-element elementor-element-539cdecc elementor-section-boxed elementor-section-height-default elementor-section-height-default\" data-id=\"539cdecc\" data-element_type=\"section\">\n\t\t\t\t\t\t<div class=\"elementor-container elementor-column-gap-default\">\n\t\t\t\t\t<div class=\"elementor-column elementor-col-100 elementor-inner-column elementor-element elementor-element-427ddc36\" data-id=\"427ddc36\" data-element_type=\"column\">\n\t\t\t<div class=\"elementor-widget-wrap elementor-element-populated\">\n\t\t\t\t\t\t<div class=\"elementor-element elementor-element-19931269 elementor-widget elementor-widget-heading\" data-id=\"19931269\" data-element_type=\"widget\" data-widget_type=\"heading.default\">\n\t\t\t\t<div class=\"elementor-widget-container\">\n\t\t\t<h2 class=\"elementor-heading-title elementor-size-default\">Beurteilung des Windes<\/h2>\t\t<\/div>\n\t\t\t\t<\/div>\n\t\t\t\t<div class=\"elementor-element elementor-element-4a3f6a70 elementor-widget elementor-widget-text-editor\" data-id=\"4a3f6a70\" data-element_type=\"widget\" data-widget_type=\"text-editor.default\">\n\t\t\t\t<div class=\"elementor-widget-container\">\n\t\t\t\t\t\t\t<p class=\"AbsatzNr\">Wesentliche Erkenntnis der vorherigen Abschnitte zur Beurteilung des Windes sind nicht nur die absoluten Werte der Winddriften bei den unterschiedlichen Windst\u00e4rken und Windrichtungen, sondern vor allem die Unterschiede, welche sich zwischen schwachem, m\u00e4\u00dfigem und starken Wind ergeben. Nur unter Ber\u00fccksichtigung dieser Erkenntnisse kann die notwendige Reaktion abgeleitet werden, wenn z.B. der Wind zwischen dem Anschie\u00dfen bei starkem Wind (gemessen auf dem Schie\u00dfstand) hin zu schwachem Wind im Laufe des Wettkampfes wechselt.<\/p>\t\t\t\t\t\t<\/div>\n\t\t\t\t<\/div>\n\t\t\t\t\t<\/div>\n\t\t<\/div>\n\t\t\t\t\t<\/div>\n\t\t<\/section>\n\t\t\t\t<section class=\"elementor-section elementor-inner-section elementor-element elementor-element-99ee083 elementor-section-boxed elementor-section-height-default elementor-section-height-default\" data-id=\"99ee083\" data-element_type=\"section\">\n\t\t\t\t\t\t<div class=\"elementor-container elementor-column-gap-default\">\n\t\t\t\t\t<div class=\"elementor-column elementor-col-100 elementor-inner-column elementor-element elementor-element-aab221d\" data-id=\"aab221d\" data-element_type=\"column\">\n\t\t\t<div class=\"elementor-widget-wrap elementor-element-populated\">\n\t\t\t\t\t\t<div class=\"elementor-element elementor-element-a630a92 elementor-widget elementor-widget-heading\" data-id=\"a630a92\" data-element_type=\"widget\" data-widget_type=\"heading.default\">\n\t\t\t\t<div class=\"elementor-widget-container\">\n\t\t\t<h2 class=\"elementor-heading-title elementor-size-default\">Zusammenfassung<\/h2>\t\t<\/div>\n\t\t\t\t<\/div>\n\t\t\t\t<div class=\"elementor-element elementor-element-2679625 elementor-widget elementor-widget-text-editor\" data-id=\"2679625\" data-element_type=\"widget\" data-widget_type=\"text-editor.default\">\n\t\t\t\t<div class=\"elementor-widget-container\">\n\t\t\t\t\t\t\t<p class=\"AbsatzNr\">Nur wer diese Grunds\u00e4tze zur Beurteilung des Windes kennt, mit zunehmender Erfahrung immer besser zu ber\u00fccksichtigen lernt und sicher anwenden kann, wird auch unter schwierigen Bedingungen in der Lage sein zu treffen. Die Betrachtungen \u00fcber den Wind werden in einem weiteren Beitrag \u00fcber die Licht- und Sichtrverh\u00e4ltnisse erg\u00e4nzt werden.<\/p>\t\t\t\t\t\t<\/div>\n\t\t\t\t<\/div>\n\t\t\t\t\t<\/div>\n\t\t<\/div>\n\t\t\t\t\t<\/div>\n\t\t<\/section>\n\t\t\t\t<div class=\"elementor-element elementor-element-a0debe9 elementor-widget elementor-widget-spacer\" data-id=\"a0debe9\" data-element_type=\"widget\" data-widget_type=\"spacer.default\">\n\t\t\t\t<div class=\"elementor-widget-container\">\n\t\t\t\t\t<div class=\"elementor-spacer\">\n\t\t\t<div class=\"elementor-spacer-inner\"><\/div>\n\t\t<\/div>\n\t\t\t\t<\/div>\n\t\t\t\t<\/div>\n\t\t\t\t<div class=\"elementor-element elementor-element-54397f6a elementor-widget elementor-widget-spacer\" data-id=\"54397f6a\" data-element_type=\"widget\" data-widget_type=\"spacer.default\">\n\t\t\t\t<div class=\"elementor-widget-container\">\n\t\t\t\t\t<div class=\"elementor-spacer\">\n\t\t\t<div class=\"elementor-spacer-inner\"><\/div>\n\t\t<\/div>\n\t\t\t\t<\/div>\n\t\t\t\t<\/div>\n\t\t\t\t<div class=\"elementor-element elementor-element-41e86fa4 elementor-widget elementor-widget-facebook-comments\" data-id=\"41e86fa4\" data-element_type=\"widget\" data-widget_type=\"facebook-comments.default\">\n\t\t\t\t<div class=\"elementor-widget-container\">\n\t\t\t\t\t<div class=\"elementor-facebook-widget fb-comments\" data-href=\"https:\/\/acts-he.de?p=2257\" data-width=\"100%\" data-numposts=\"10\" data-order-by=\"social\" style=\"min-height: 1px\"><\/div>\n\t\t\t\t<\/div>\n\t\t\t\t<\/div>\n\t\t\t\t\t<\/div>\n\t\t<\/div>\n\t\t\t\t\t<\/div>\n\t\t<\/section>\n\t\t\t\t<\/div>\n\t\t","protected":false},"excerpt":{"rendered":"<p>Dieser Beitrag besch\u00e4ftigt sich vertiefend mit dem Wind, einem der beiden wesentlichen Witterungseinfl\u00fcsse auf das Biathlonschie\u00dfen.\u00a0<\/p>\n","protected":false},"author":2,"featured_media":241,"comment_status":"open","ping_status":"open","sticky":false,"template":"elementor_header_footer","format":"standard","meta":{"footnotes":""},"categories":[6],"tags":[],"class_list":["post-2257","post","type-post","status-publish","format-standard","has-post-thumbnail","hentry","category-sport"],"yoast_head":"<!-- This site is optimized with the Yoast SEO plugin v23.8 - https:\/\/yoast.com\/wordpress\/plugins\/seo\/ -->\n<title>Witterung 2 - Wind - ACTS-HE<\/title>\n<meta name=\"description\" content=\"Dieser Beitrag besch\u00e4ftigt sich vertiefend mit dem Wind, einem der beiden wesentlichen Witterungseinfl\u00fcsse auf das Biathlonschie\u00dfen.\u00a0\" \/>\n<meta name=\"robots\" content=\"index, follow, max-snippet:-1, max-image-preview:large, max-video-preview:-1\" \/>\n<link rel=\"canonical\" href=\"https:\/\/acts-he.de\/?p=2257\" \/>\n<meta property=\"og:locale\" content=\"de_DE\" \/>\n<meta property=\"og:type\" content=\"article\" \/>\n<meta property=\"og:title\" content=\"Witterung 2 - Wind - ACTS-HE\" \/>\n<meta property=\"og:description\" content=\"Dieser Beitrag besch\u00e4ftigt sich vertiefend mit dem Wind, einem der beiden wesentlichen Witterungseinfl\u00fcsse auf das Biathlonschie\u00dfen.\u00a0\" \/>\n<meta property=\"og:url\" content=\"https:\/\/acts-he.de\/?p=2257\" \/>\n<meta property=\"og:site_name\" content=\"ACTS-HE\" \/>\n<meta property=\"article:published_time\" content=\"2019-08-26T17:33:22+00:00\" \/>\n<meta property=\"article:modified_time\" content=\"2019-08-27T18:34:34+00:00\" \/>\n<meta property=\"og:image\" content=\"https:\/\/acts-he.de\/wp-content\/uploads\/2018\/02\/IMG_1272-scaled.jpg\" \/>\n\t<meta property=\"og:image:width\" content=\"1920\" \/>\n\t<meta property=\"og:image:height\" content=\"2560\" \/>\n\t<meta property=\"og:image:type\" content=\"image\/jpeg\" \/>\n<meta name=\"author\" content=\"Engelhardt\" \/>\n<meta name=\"twitter:card\" content=\"summary_large_image\" \/>\n<meta name=\"twitter:label1\" content=\"Verfasst von\" \/>\n\t<meta name=\"twitter:data1\" content=\"Engelhardt\" \/>\n\t<meta name=\"twitter:label2\" content=\"Gesch\u00e4tzte Lesezeit\" \/>\n\t<meta name=\"twitter:data2\" content=\"5\u00a0Minuten\" \/>\n<script type=\"application\/ld+json\" class=\"yoast-schema-graph\">{\"@context\":\"https:\/\/schema.org\",\"@graph\":[{\"@type\":\"WebPage\",\"@id\":\"https:\/\/acts-he.de\/?p=2257\",\"url\":\"https:\/\/acts-he.de\/?p=2257\",\"name\":\"Witterung 2 - Wind - ACTS-HE\",\"isPartOf\":{\"@id\":\"https:\/\/acts-he.de\/#website\"},\"primaryImageOfPage\":{\"@id\":\"https:\/\/acts-he.de\/?p=2257#primaryimage\"},\"image\":{\"@id\":\"https:\/\/acts-he.de\/?p=2257#primaryimage\"},\"thumbnailUrl\":\"https:\/\/acts-he.de\/wp-content\/uploads\/2018\/02\/IMG_1272-scaled.jpg\",\"datePublished\":\"2019-08-26T17:33:22+00:00\",\"dateModified\":\"2019-08-27T18:34:34+00:00\",\"author\":{\"@id\":\"https:\/\/acts-he.de\/#\/schema\/person\/04cc903896a2c484d36f005886abbcd5\"},\"description\":\"Dieser Beitrag besch\u00e4ftigt sich vertiefend mit dem Wind, einem der beiden wesentlichen Witterungseinfl\u00fcsse auf das Biathlonschie\u00dfen.\u00a0\",\"breadcrumb\":{\"@id\":\"https:\/\/acts-he.de\/?p=2257#breadcrumb\"},\"inLanguage\":\"de\",\"potentialAction\":[{\"@type\":\"ReadAction\",\"target\":[\"https:\/\/acts-he.de\/?p=2257\"]}]},{\"@type\":\"ImageObject\",\"inLanguage\":\"de\",\"@id\":\"https:\/\/acts-he.de\/?p=2257#primaryimage\",\"url\":\"https:\/\/acts-he.de\/wp-content\/uploads\/2018\/02\/IMG_1272-scaled.jpg\",\"contentUrl\":\"https:\/\/acts-he.de\/wp-content\/uploads\/2018\/02\/IMG_1272-scaled.jpg\",\"width\":1920,\"height\":2560},{\"@type\":\"BreadcrumbList\",\"@id\":\"https:\/\/acts-he.de\/?p=2257#breadcrumb\",\"itemListElement\":[{\"@type\":\"ListItem\",\"position\":1,\"name\":\"Startseite\",\"item\":\"https:\/\/acts-he.de\/\"},{\"@type\":\"ListItem\",\"position\":2,\"name\":\"Witterung 2 &#8211; Wind\"}]},{\"@type\":\"WebSite\",\"@id\":\"https:\/\/acts-he.de\/#website\",\"url\":\"https:\/\/acts-he.de\/\",\"name\":\"ACTS-HE\",\"description\":\"\",\"potentialAction\":[{\"@type\":\"SearchAction\",\"target\":{\"@type\":\"EntryPoint\",\"urlTemplate\":\"https:\/\/acts-he.de\/?s={search_term_string}\"},\"query-input\":{\"@type\":\"PropertyValueSpecification\",\"valueRequired\":true,\"valueName\":\"search_term_string\"}}],\"inLanguage\":\"de\"},{\"@type\":\"Person\",\"@id\":\"https:\/\/acts-he.de\/#\/schema\/person\/04cc903896a2c484d36f005886abbcd5\",\"name\":\"Engelhardt\",\"image\":{\"@type\":\"ImageObject\",\"inLanguage\":\"de\",\"@id\":\"https:\/\/acts-he.de\/#\/schema\/person\/image\/\",\"url\":\"https:\/\/secure.gravatar.com\/avatar\/?s=96&d=mm&r=g\",\"contentUrl\":\"https:\/\/secure.gravatar.com\/avatar\/?s=96&d=mm&r=g\",\"caption\":\"Engelhardt\"},\"sameAs\":[\"https:\/\/acts-he.de\"],\"url\":\"https:\/\/acts-he.de\/?author=2\"}]}<\/script>\n<!-- \/ Yoast SEO plugin. -->","yoast_head_json":{"title":"Witterung 2 - Wind - ACTS-HE","description":"Dieser Beitrag besch\u00e4ftigt sich vertiefend mit dem Wind, einem der beiden wesentlichen Witterungseinfl\u00fcsse auf das Biathlonschie\u00dfen.\u00a0","robots":{"index":"index","follow":"follow","max-snippet":"max-snippet:-1","max-image-preview":"max-image-preview:large","max-video-preview":"max-video-preview:-1"},"canonical":"https:\/\/acts-he.de\/?p=2257","og_locale":"de_DE","og_type":"article","og_title":"Witterung 2 - Wind - ACTS-HE","og_description":"Dieser Beitrag besch\u00e4ftigt sich vertiefend mit dem Wind, einem der beiden wesentlichen Witterungseinfl\u00fcsse auf das Biathlonschie\u00dfen.\u00a0","og_url":"https:\/\/acts-he.de\/?p=2257","og_site_name":"ACTS-HE","article_published_time":"2019-08-26T17:33:22+00:00","article_modified_time":"2019-08-27T18:34:34+00:00","og_image":[{"width":1920,"height":2560,"url":"https:\/\/acts-he.de\/wp-content\/uploads\/2018\/02\/IMG_1272-scaled.jpg","type":"image\/jpeg"}],"author":"Engelhardt","twitter_card":"summary_large_image","twitter_misc":{"Verfasst von":"Engelhardt","Gesch\u00e4tzte Lesezeit":"5\u00a0Minuten"},"schema":{"@context":"https:\/\/schema.org","@graph":[{"@type":"WebPage","@id":"https:\/\/acts-he.de\/?p=2257","url":"https:\/\/acts-he.de\/?p=2257","name":"Witterung 2 - Wind - ACTS-HE","isPartOf":{"@id":"https:\/\/acts-he.de\/#website"},"primaryImageOfPage":{"@id":"https:\/\/acts-he.de\/?p=2257#primaryimage"},"image":{"@id":"https:\/\/acts-he.de\/?p=2257#primaryimage"},"thumbnailUrl":"https:\/\/acts-he.de\/wp-content\/uploads\/2018\/02\/IMG_1272-scaled.jpg","datePublished":"2019-08-26T17:33:22+00:00","dateModified":"2019-08-27T18:34:34+00:00","author":{"@id":"https:\/\/acts-he.de\/#\/schema\/person\/04cc903896a2c484d36f005886abbcd5"},"description":"Dieser Beitrag besch\u00e4ftigt sich vertiefend mit dem Wind, einem der beiden wesentlichen Witterungseinfl\u00fcsse auf das Biathlonschie\u00dfen.\u00a0","breadcrumb":{"@id":"https:\/\/acts-he.de\/?p=2257#breadcrumb"},"inLanguage":"de","potentialAction":[{"@type":"ReadAction","target":["https:\/\/acts-he.de\/?p=2257"]}]},{"@type":"ImageObject","inLanguage":"de","@id":"https:\/\/acts-he.de\/?p=2257#primaryimage","url":"https:\/\/acts-he.de\/wp-content\/uploads\/2018\/02\/IMG_1272-scaled.jpg","contentUrl":"https:\/\/acts-he.de\/wp-content\/uploads\/2018\/02\/IMG_1272-scaled.jpg","width":1920,"height":2560},{"@type":"BreadcrumbList","@id":"https:\/\/acts-he.de\/?p=2257#breadcrumb","itemListElement":[{"@type":"ListItem","position":1,"name":"Startseite","item":"https:\/\/acts-he.de\/"},{"@type":"ListItem","position":2,"name":"Witterung 2 &#8211; Wind"}]},{"@type":"WebSite","@id":"https:\/\/acts-he.de\/#website","url":"https:\/\/acts-he.de\/","name":"ACTS-HE","description":"","potentialAction":[{"@type":"SearchAction","target":{"@type":"EntryPoint","urlTemplate":"https:\/\/acts-he.de\/?s={search_term_string}"},"query-input":{"@type":"PropertyValueSpecification","valueRequired":true,"valueName":"search_term_string"}}],"inLanguage":"de"},{"@type":"Person","@id":"https:\/\/acts-he.de\/#\/schema\/person\/04cc903896a2c484d36f005886abbcd5","name":"Engelhardt","image":{"@type":"ImageObject","inLanguage":"de","@id":"https:\/\/acts-he.de\/#\/schema\/person\/image\/","url":"https:\/\/secure.gravatar.com\/avatar\/?s=96&d=mm&r=g","contentUrl":"https:\/\/secure.gravatar.com\/avatar\/?s=96&d=mm&r=g","caption":"Engelhardt"},"sameAs":["https:\/\/acts-he.de"],"url":"https:\/\/acts-he.de\/?author=2"}]}},"_links":{"self":[{"href":"https:\/\/acts-he.de\/index.php?rest_route=\/wp\/v2\/posts\/2257","targetHints":{"allow":["GET"]}}],"collection":[{"href":"https:\/\/acts-he.de\/index.php?rest_route=\/wp\/v2\/posts"}],"about":[{"href":"https:\/\/acts-he.de\/index.php?rest_route=\/wp\/v2\/types\/post"}],"author":[{"embeddable":true,"href":"https:\/\/acts-he.de\/index.php?rest_route=\/wp\/v2\/users\/2"}],"replies":[{"embeddable":true,"href":"https:\/\/acts-he.de\/index.php?rest_route=%2Fwp%2Fv2%2Fcomments&post=2257"}],"version-history":[{"count":50,"href":"https:\/\/acts-he.de\/index.php?rest_route=\/wp\/v2\/posts\/2257\/revisions"}],"predecessor-version":[{"id":2316,"href":"https:\/\/acts-he.de\/index.php?rest_route=\/wp\/v2\/posts\/2257\/revisions\/2316"}],"wp:featuredmedia":[{"embeddable":true,"href":"https:\/\/acts-he.de\/index.php?rest_route=\/wp\/v2\/media\/241"}],"wp:attachment":[{"href":"https:\/\/acts-he.de\/index.php?rest_route=%2Fwp%2Fv2%2Fmedia&parent=2257"}],"wp:term":[{"taxonomy":"category","embeddable":true,"href":"https:\/\/acts-he.de\/index.php?rest_route=%2Fwp%2Fv2%2Fcategories&post=2257"},{"taxonomy":"post_tag","embeddable":true,"href":"https:\/\/acts-he.de\/index.php?rest_route=%2Fwp%2Fv2%2Ftags&post=2257"}],"curies":[{"name":"wp","href":"https:\/\/api.w.org\/{rel}","templated":true}]}}